{"id":354,"date":"2018-04-14T11:07:44","date_gmt":"2018-04-14T11:07:44","guid":{"rendered":"http:\/\/blog.wf-holthausen-huxel.de\/?p=354"},"modified":"2018-04-26T13:32:36","modified_gmt":"2018-04-26T13:32:36","slug":"busfahrt-nach-greven","status":"publish","type":"post","link":"http:\/\/blog.wf-holthausen-huxel.de\/?p=354","title":{"rendered":"Busfahrt nach Greven"},"content":{"rendered":"<p>Unsere zweite Busfahrt im Wanderjahr 2018 geht am Sonntag 29. April zum Internationalen Volkswandertag der Wanderfreunde in Greven. Im Angebot sind Wanderstrecken von 6, 11 und 20 km.<\/p>\n<p>Die Wanderfreunde Greven haben sich bereits mit einem Bus zu unserem Wandertag am 30. September angemeldet. Deshalb sind alle Wanderfreunde mit ihren Familien und Bekannten, insbesondere die Kinder und Jugendlichen, herzlich eingeladen, m\u00f6glichst zahlreich mit zu fahren.<\/p>\n<p>Wegen der l\u00e4ngeren Reisezeit f\u00e4hrt der Bus bereits um 8.00 Uhr ab Sch\u00fctzenhalle Holthausen.<br \/>\nZusteigem\u00f6glichkeiten bestehen in Huxel und Bad Fredeburg sowie nach Absprache.<\/p>\n<p>Anmeldungen bitte bis sp\u00e4testens Dienstag 24. April bei Marcus Radmacher unter Tel. 02974\/833339 oder per Email an post@wf-holthausen-huxel.de.<\/p>\n<p><span style=\"color: #ff0000;\"><strong>Mangels ausreichender Anmeldungen musste die Fahrt leider abgesagt werden.<\/strong><\/span><\/p>\n","protected":false},"excerpt":{"rendered":"<p>Unsere zweite Busfahrt im Wanderjahr 2018 geht am Sonntag 29. April zum Internationalen Volkswandertag der Wanderfreunde in Greven. Im Angebot sind Wanderstrecken von 6, 11 und 20 km. Die Wanderfreunde Greven haben sich bereits mit einem Bus zu unserem Wandertag &hellip; <a href=\"http:\/\/blog.wf-holthausen-huxel.de\/?p=354\">Weiterlesen <span class=\"meta-nav\">&rarr;<\/span><\/a><\/p>\n","protected":false},"author":1,"featured_media":0,"comment_status":"closed","ping_status":"closed","sticky":false,"template":"","format":"standard","meta":{"footnotes":""},"categories":[2,4],"tags":[],"_links":{"self":[{"href":"http:\/\/blog.wf-holthausen-huxel.de\/index.php?rest_route=\/wp\/v2\/posts\/354"}],"collection":[{"href":"http:\/\/blog.wf-holthausen-huxel.de\/index.php?rest_route=\/wp\/v2\/posts"}],"about":[{"href":"http:\/\/blog.wf-holthausen-huxel.de\/index.php?rest_route=\/wp\/v2\/types\/post"}],"author":[{"embeddable":true,"href":"http:\/\/blog.wf-holthausen-huxel.de\/index.php?rest_route=\/wp\/v2\/users\/1"}],"replies":[{"embeddable":true,"href":"http:\/\/blog.wf-holthausen-huxel.de\/index.php?rest_route=%2Fwp%2Fv2%2Fcomments&post=354"}],"version-history":[{"count":4,"href":"http:\/\/blog.wf-holthausen-huxel.de\/index.php?rest_route=\/wp\/v2\/posts\/354\/revisions"}],"predecessor-version":[{"id":359,"href":"http:\/\/blog.wf-holthausen-huxel.de\/index.php?rest_route=\/wp\/v2\/posts\/354\/revisions\/359"}],"wp:attachment":[{"href":"http:\/\/blog.wf-holthausen-huxel.de\/index.php?rest_route=%2Fwp%2Fv2%2Fmedia&parent=354"}],"wp:term":[{"taxonomy":"category","embeddable":true,"href":"http:\/\/blog.wf-holthausen-huxel.de\/index.php?rest_route=%2Fwp%2Fv2%2Fcategories&post=354"},{"taxonomy":"post_tag","embeddable":true,"href":"http:\/\/blog.wf-holthausen-huxel.de\/index.php?rest_route=%2Fwp%2Fv2%2Ftags&post=354"}],"curies":[{"name":"wp","href":"https:\/\/api.w.org\/{rel}","templated":true}]}}