{"id":431,"date":"2019-03-10T17:55:25","date_gmt":"2019-03-10T17:55:25","guid":{"rendered":"http:\/\/blog.wf-holthausen-huxel.de\/?p=431"},"modified":"2019-03-10T17:55:25","modified_gmt":"2019-03-10T17:55:25","slug":"mitgliederversammlung-2019","status":"publish","type":"post","link":"http:\/\/blog.wf-holthausen-huxel.de\/?p=431","title":{"rendered":"Mitgliederversammlung 2019"},"content":{"rendered":"\n<p>Am Samstag, 09.03.2019, fand unsere diesj\u00e4hrige Mitgliederversammlung in der Sch\u00fctzenhalle Holthausen statt. Nach den vorgetragenen Berichten zum abgelaufenen Gesch\u00e4ftsjahr wurde dem Vorstand einstimmig Entlastung durch die Versammlung erteilt. <\/p>\n\n\n\n<p><br>In diesem Jahr standen der 1. Vorsitzende und der Schriftf\u00fchrer zur Wahl an. Sowohl Marcus Radmacher als Vorsitzender als auch Heinrich Fuchte als Schriftf\u00fchrer wurden in ihren \u00c4mtern best\u00e4tigt und f\u00fcr weitere drei Jahre einstimmig gew\u00e4hlt. Auch Burkhard Henneke wurde in seinem Amt als Kassenpr\u00fcfer f\u00fcr zwei weitere Jahre best\u00e4tigt.<\/p>\n\n\n\n<p> <br>Nach den Wahlen konnte Marcus Radmacher vier anwesende Mitglieder f\u00fcr ihre 40-j\u00e4hrige Vereinstreue mit einer Ehrenurkunde auszeichnen.<\/p>\n\n\n\n<p><br>Unter dem Punkt Verschiedenes wurden u. a. die weitere Planungen der Wanderungen f\u00fcr 2019 er\u00f6rtert. Dabei sind insbesondere die heimischen Veranstaltungen mit der kulinarischen Bierwanderung an Pfingstsonntag in Holthausen und Huxel, der Vereinswanderung am 14.09.2019 und nat\u00fcrlich der 55. Internationalen Volkswanderung am 29.09.2019 als Highlights vorgesehen. <\/p>\n\n\n\n<p><br>Im Anschluss an die Versammlung gab es noch das traditionelle gemeinsame Essen. Das gem\u00fctliche Beisammensein zog sich bis in die fr\u00fchen Morgenstunden.<\/p>\n","protected":false},"excerpt":{"rendered":"<p>Am Samstag, 09.03.2019, fand unsere diesj\u00e4hrige Mitgliederversammlung in der Sch\u00fctzenhalle Holthausen statt. Nach den vorgetragenen Berichten zum abgelaufenen Gesch\u00e4ftsjahr wurde dem Vorstand einstimmig Entlastung durch die Versammlung erteilt. In diesem Jahr standen der 1. Vorsitzende und der Schriftf\u00fchrer zur Wahl &hellip; <a href=\"http:\/\/blog.wf-holthausen-huxel.de\/?p=431\">Weiterlesen <span class=\"meta-nav\">&rarr;<\/span><\/a><\/p>\n","protected":false},"author":2,"featured_media":0,"comment_status":"closed","ping_status":"closed","sticky":false,"template":"","format":"standard","meta":{"footnotes":""},"categories":[2],"tags":[9],"_links":{"self":[{"href":"http:\/\/blog.wf-holthausen-huxel.de\/index.php?rest_route=\/wp\/v2\/posts\/431"}],"collection":[{"href":"http:\/\/blog.wf-holthausen-huxel.de\/index.php?rest_route=\/wp\/v2\/posts"}],"about":[{"href":"http:\/\/blog.wf-holthausen-huxel.de\/index.php?rest_route=\/wp\/v2\/types\/post"}],"author":[{"embeddable":true,"href":"http:\/\/blog.wf-holthausen-huxel.de\/index.php?rest_route=\/wp\/v2\/users\/2"}],"replies":[{"embeddable":true,"href":"http:\/\/blog.wf-holthausen-huxel.de\/index.php?rest_route=%2Fwp%2Fv2%2Fcomments&post=431"}],"version-history":[{"count":2,"href":"http:\/\/blog.wf-holthausen-huxel.de\/index.php?rest_route=\/wp\/v2\/posts\/431\/revisions"}],"predecessor-version":[{"id":435,"href":"http:\/\/blog.wf-holthausen-huxel.de\/index.php?rest_route=\/wp\/v2\/posts\/431\/revisions\/435"}],"wp:attachment":[{"href":"http:\/\/blog.wf-holthausen-huxel.de\/index.php?rest_route=%2Fwp%2Fv2%2Fmedia&parent=431"}],"wp:term":[{"taxonomy":"category","embeddable":true,"href":"http:\/\/blog.wf-holthausen-huxel.de\/index.php?rest_route=%2Fwp%2Fv2%2Fcategories&post=431"},{"taxonomy":"post_tag","embeddable":true,"href":"http:\/\/blog.wf-holthausen-huxel.de\/index.php?rest_route=%2Fwp%2Fv2%2Ftags&post=431"}],"curies":[{"name":"wp","href":"https:\/\/api.w.org\/{rel}","templated":true}]}}