{"id":537,"date":"2020-07-12T07:10:13","date_gmt":"2020-07-12T07:10:13","guid":{"rendered":"http:\/\/blog.wf-holthausen-huxel.de\/?p=537"},"modified":"2020-07-12T07:10:13","modified_gmt":"2020-07-12T07:10:13","slug":"absage-des-wandertages-am-27-09-2020","status":"publish","type":"post","link":"http:\/\/blog.wf-holthausen-huxel.de\/?p=537","title":{"rendered":"ABSAGE DES WANDERTAGES AM 27.09.2020"},"content":{"rendered":"<p>Wegen der aktuell geltenden Bestimmungen der Coronaschutzverordnung haben wir \u00fcber M\u00f6glichkeiten zur Durchf\u00fchrung unseres geplanten Wandertages beraten. Nach intensiver Diskussion haben wir leider feststellen m\u00fcssen, dass wir mit vertretbaren Mitteln unseres Vereins die notwendigen Ma\u00dfnahmen hinsichtlich Hygienekonzept, Einhaltung der Abstandsregeln, Maskenpflicht und R\u00fcckverfolgbarkeit nicht gew\u00e4hrleisten k\u00f6nnen.<\/p>\n<p>Zu unserem gro\u00dfen Bedauern m\u00fcssen wir deshalb unseren f\u00fcr den 27. September 2020 geplanten Internationalen Volkswandertag absagen.<\/p>\n<p>SAVE THE DATE: Der n\u00e4chste Wandertag soll am 26.09.2021 stattfinden.<\/p>\n","protected":false},"excerpt":{"rendered":"<p>Wegen der aktuell geltenden Bestimmungen der Coronaschutzverordnung haben wir \u00fcber M\u00f6glichkeiten zur Durchf\u00fchrung unseres geplanten Wandertages beraten. Nach intensiver Diskussion haben wir leider feststellen m\u00fcssen, dass wir mit vertretbaren Mitteln unseres Vereins die notwendigen Ma\u00dfnahmen hinsichtlich Hygienekonzept, Einhaltung der Abstandsregeln, &hellip; <a href=\"http:\/\/blog.wf-holthausen-huxel.de\/?p=537\">Weiterlesen <span class=\"meta-nav\">&rarr;<\/span><\/a><\/p>\n","protected":false},"author":2,"featured_media":0,"comment_status":"closed","ping_status":"closed","sticky":false,"template":"","format":"standard","meta":{"footnotes":""},"categories":[2,3],"tags":[15],"_links":{"self":[{"href":"http:\/\/blog.wf-holthausen-huxel.de\/index.php?rest_route=\/wp\/v2\/posts\/537"}],"collection":[{"href":"http:\/\/blog.wf-holthausen-huxel.de\/index.php?rest_route=\/wp\/v2\/posts"}],"about":[{"href":"http:\/\/blog.wf-holthausen-huxel.de\/index.php?rest_route=\/wp\/v2\/types\/post"}],"author":[{"embeddable":true,"href":"http:\/\/blog.wf-holthausen-huxel.de\/index.php?rest_route=\/wp\/v2\/users\/2"}],"replies":[{"embeddable":true,"href":"http:\/\/blog.wf-holthausen-huxel.de\/index.php?rest_route=%2Fwp%2Fv2%2Fcomments&post=537"}],"version-history":[{"count":1,"href":"http:\/\/blog.wf-holthausen-huxel.de\/index.php?rest_route=\/wp\/v2\/posts\/537\/revisions"}],"predecessor-version":[{"id":538,"href":"http:\/\/blog.wf-holthausen-huxel.de\/index.php?rest_route=\/wp\/v2\/posts\/537\/revisions\/538"}],"wp:attachment":[{"href":"http:\/\/blog.wf-holthausen-huxel.de\/index.php?rest_route=%2Fwp%2Fv2%2Fmedia&parent=537"}],"wp:term":[{"taxonomy":"category","embeddable":true,"href":"http:\/\/blog.wf-holthausen-huxel.de\/index.php?rest_route=%2Fwp%2Fv2%2Fcategories&post=537"},{"taxonomy":"post_tag","embeddable":true,"href":"http:\/\/blog.wf-holthausen-huxel.de\/index.php?rest_route=%2Fwp%2Fv2%2Ftags&post=537"}],"curies":[{"name":"wp","href":"https:\/\/api.w.org\/{rel}","templated":true}]}}