{"id":894,"date":"2024-03-14T11:39:35","date_gmt":"2024-03-14T11:39:35","guid":{"rendered":"http:\/\/blog.wf-holthausen-huxel.de\/?p=894"},"modified":"2026-04-27T08:57:14","modified_gmt":"2026-04-27T06:57:14","slug":"wandertage-in-unserer-naehe","status":"publish","type":"post","link":"http:\/\/blog.wf-holthausen-huxel.de\/?p=894","title":{"rendered":"Wandertage in unserer N\u00e4he"},"content":{"rendered":"\n<p><\/p>\n\n\n\n<p>03.05.2026<br>Wandertag, mit Kinder- und Jugendwandertag &#8222;Natur entdecken und erleben&#8220;, 5, 10, 21, 42 km<br><strong>B\u00fcren<\/strong><br>Touristik-Gemeinschaft B\u00fcrener Land e.V. (Nordrhein-Westfalen)<br>Kerstin Salerno, K\u00f6nigstr. 16, 33142 B\u00fcren<br>Tel. 02951\/970204 o. 0151\/140\/25\/886, <a href=\"mailto:salerno@bueren.de\">salerno@bueren.de<\/a><br>Start: So. 07:30 &#8211; 12:00 Uhr (5, 10, 21 km) und 06:00 &#8211; 07:30 Uhr (42 km)<br>Stadthalle B\u00fcren, F\u00fcrstenberger Stra\u00dfe 1a, 33142 B\u00fcren<\/p>\n\n\n\n<p>Sehenswert: Almeauen Park, Mittelalterliche Stadtstruktur, Mittelm\u00fchle und Bohrm\u00fchle<\/p>\n\n\n\n<p>20.\/21.06.2026<br>Wandertag &#8222;Wandern im sch\u00f6nen Netpherland&#8220;, 5, 10, 15, 20 km<br><strong>Netphen-Deuz<\/strong><br>Polizeisportgemeinschaft Siegerland, Abt. Wandern (Nordrhein-Westfalen)<br>Brigitte Beyer, Calvinstr. 9, 57074 Siegen<br>Tel. 0271\/2318858 o. 0151\/40542849, <a href=\"mailto:PSG.BrigitteBeyer@t-online.de\">PSG.BrigitteBeyer@t-online.de<\/a><br>Start: Sa., So. 07:00 &#8211; 13:00 Uhr (5, 10 km) und 07:00 &#8211; 11:00 Uhr (15, 20 km)<br>AWO-Werkst\u00e4tte, Weiherdamm 3, 57250 Netphen-Deuz, Bahnstation: Siegen-Weidenau<\/p>\n\n\n\n<p>02.08.2026<br>Wandertag &#8222;Wandern auf der Hohen Belmicke&#8220;, 6, 10, 20 km<br><strong>Bergneustadt-Belmicke<\/strong><br>Turn- und Spielverein Belmicke 1910 e.V., Wanderabt. (Nordrhein-Westfalen)<br>J\u00f6rg Franzel, Kampstr. 32, 51702 Bergneustadt<br>Tel. 02261\/48498, <a href=\"mailto:r.tomasetti@t-online.de\">r.tomasetti@t-online.de<\/a><br>Start: So. 07:00 &#8211; 13:00 Uhr<br>Kath. Jugendheim\/St. Anna Heim, An der Burg 15, 51702 Bergneustadt-Belmicke<\/p>\n\n\n\n<p>Sehenswert: Blick auf das Siebengebirge<\/p>\n\n\n\n<p><\/p>\n","protected":false},"excerpt":{"rendered":"<p>03.05.2026Wandertag, mit Kinder- und Jugendwandertag &#8222;Natur entdecken und erleben&#8220;, 5, 10, 21, 42 kmB\u00fcrenTouristik-Gemeinschaft B\u00fcrener Land e.V. (Nordrhein-Westfalen)Kerstin Salerno, K\u00f6nigstr. 16, 33142 B\u00fcrenTel. 02951\/970204 o. 0151\/140\/25\/886, salerno@bueren.deStart: So. 07:30 &#8211; 12:00 Uhr (5, 10, 21 km) und 06:00 &#8211; 07:30 &hellip; <a href=\"http:\/\/blog.wf-holthausen-huxel.de\/?p=894\">Weiterlesen <span class=\"meta-nav\">&rarr;<\/span><\/a><\/p>\n","protected":false},"author":4,"featured_media":0,"comment_status":"closed","ping_status":"closed","sticky":false,"template":"","format":"standard","meta":{"footnotes":""},"categories":[2],"tags":[],"_links":{"self":[{"href":"http:\/\/blog.wf-holthausen-huxel.de\/index.php?rest_route=\/wp\/v2\/posts\/894"}],"collection":[{"href":"http:\/\/blog.wf-holthausen-huxel.de\/index.php?rest_route=\/wp\/v2\/posts"}],"about":[{"href":"http:\/\/blog.wf-holthausen-huxel.de\/index.php?rest_route=\/wp\/v2\/types\/post"}],"author":[{"embeddable":true,"href":"http:\/\/blog.wf-holthausen-huxel.de\/index.php?rest_route=\/wp\/v2\/users\/4"}],"replies":[{"embeddable":true,"href":"http:\/\/blog.wf-holthausen-huxel.de\/index.php?rest_route=%2Fwp%2Fv2%2Fcomments&post=894"}],"version-history":[{"count":36,"href":"http:\/\/blog.wf-holthausen-huxel.de\/index.php?rest_route=\/wp\/v2\/posts\/894\/revisions"}],"predecessor-version":[{"id":988,"href":"http:\/\/blog.wf-holthausen-huxel.de\/index.php?rest_route=\/wp\/v2\/posts\/894\/revisions\/988"}],"wp:attachment":[{"href":"http:\/\/blog.wf-holthausen-huxel.de\/index.php?rest_route=%2Fwp%2Fv2%2Fmedia&parent=894"}],"wp:term":[{"taxonomy":"category","embeddable":true,"href":"http:\/\/blog.wf-holthausen-huxel.de\/index.php?rest_route=%2Fwp%2Fv2%2Fcategories&post=894"},{"taxonomy":"post_tag","embeddable":true,"href":"http:\/\/blog.wf-holthausen-huxel.de\/index.php?rest_route=%2Fwp%2Fv2%2Ftags&post=894"}],"curies":[{"name":"wp","href":"https:\/\/api.w.org\/{rel}","templated":true}]}}